{"id":84,"date":"2018-10-03T14:51:40","date_gmt":"2018-10-03T13:51:40","guid":{"rendered":"http:\/\/www.inpfp.dz\/revue\/?p=84"},"modified":"2021-05-03T21:06:28","modified_gmt":"2021-05-03T20:06:28","slug":"projet-de-partenariat","status":"publish","type":"post","link":"https:\/\/www.inpfp.dz\/revue\/2018\/10\/03\/projet-de-partenariat\/","title":{"rendered":"Projet de partenariat."},"content":{"rendered":"<p>L\u2019institut national p\u00e9dagogique de la formation param\u00e9dicale a organis\u00e9 un<\/p>\n<figure id=\"attachment_192\" aria-describedby=\"caption-attachment-192\" style=\"width: 116px\" class=\"wp-caption alignright\"><img decoding=\"async\" loading=\"lazy\" class=\"wp-image-192\" src=\"https:\/\/www.inpfp.dz\/revue\/wp-content\/uploads\/2018\/10\/66666.jpg\" alt=\"\" width=\"116\" height=\"155\" \/><figcaption id=\"caption-attachment-192\" class=\"wp-caption-text\">M. EL BIR BOUSAAD Chef de D\u00e9partement Recherche et Documentation<\/figcaption><\/figure>\n<p>s\u00e9minaire d\u2019information au profit des Directeurs des \u00e9tudes et des stages des \u00e9tablissements de formation.<\/p>\n<p><span id=\"more-118\"><\/span><!--more--><br class=\"autobr\" \/>Le s\u00e9minaire a port\u00e9 principalement sur le projet de partenariat institutionnel rentrant dans le cadre du programme PROFAS-C+ qui s\u2019inscrit dans la ligne directrice du document cadre de partenariat 2013 \u2013 2017 sign\u00e9 entre l\u2019Alg\u00e9rie et la France affirmant la poursuite du soutien \u00e0 la coop\u00e9ration hospitali\u00e8re.\u00a0<br class=\"autobr\" \/>Ce projet met en relation la Direction de la formation du Minist\u00e8re de la sant\u00e9, de la population et de la r\u00e9forme hospitali\u00e8re d\u2019une part et l\u2019assistance publique des h\u00f4pitaux de paris d\u2019autre part. L\u2019INPFP \u00e9tant l\u2019institution publique b\u00e9n\u00e9ficiaire du projet.\u00a0<br class=\"autobr\" \/>Celui-ci vise la construction et la mise en \u0153uvre d\u2019un dispositif d\u2019encadrement des \u00e9tudiants infirmiers en stage pratique hospitalier.<br class=\"autobr\" \/>Dans le cadre des \u00e9changes entre l\u2019AP-HP et l\u2019INPFP qui ont \u00e9t\u00e9 engag\u00e9s depuis 2016 qui ont donn\u00e9s lieu \u00e0 des missions exploratoires \u00e0 la fois \u00e0 Alger et Paris.\u00a0<br class=\"autobr\" \/>C\u2019est dans le cadre des premi\u00e8res rencontres Algero-Fran\u00e7aises qui ont eu lieu \u00e0 Alger les 02 et 03 d\u00e9cembre 2015 que le contact entre l\u2019INPFP et l\u2019AP-HP a \u00e9t\u00e9 \u00e9tabli, autour d\u2019un projet de partenariat pour un accompagnement pour le d\u00e9veloppement de la formation param\u00e9dicale.<br class=\"autobr\" \/>La d\u00e9marche projet retenue, vise en cons\u00e9quence \u00e0 faire \u00e9voluer, au sein des structures de sant\u00e9 les comp\u00e9tences et pratiques des cadres param\u00e9dicaux, maillon essentiel de l\u2019animation et la professionnalisation des \u00e9quipes soignantes en formation ou en exercice dans la prise en charge des patients.<br class=\"autobr\" \/>Il est donc n\u00e9cessaire d\u2019impliquer progressivement l\u2019ensemble des acteurs cl\u00e9s et de construire les m\u00e9thodes et les outils adapt\u00e9s, d\u2019associer sous l\u2019\u00e9gide de l\u2019INPFP les structures pilotes retenues \u00e0 savoir\u00a0:<br \/>\n<img decoding=\"async\" loading=\"lazy\" class=\"puce\" src=\"http:\/\/newsletter.inpfp.dz\/local\/cache-vignettes\/L8xH11\/puce-32883.gif?1519137646\" alt=\"-\" width=\"8\" height=\"11\" \/>\u00a0 L\u2019INFSPM de M\u00e9d\u00e9a\u00a0;<br \/>\n<img decoding=\"async\" loading=\"lazy\" class=\"puce\" src=\"http:\/\/newsletter.inpfp.dz\/local\/cache-vignettes\/L8xH11\/puce-32883.gif?1519137646\" alt=\"-\" width=\"8\" height=\"11\" \/>\u00a0 L\u2019EPH Mohamed BOUDIAF de M\u00e9d\u00e9a\u00a0;<br \/>\n<img decoding=\"async\" loading=\"lazy\" class=\"puce\" src=\"http:\/\/newsletter.inpfp.dz\/local\/cache-vignettes\/L8xH11\/puce-32883.gif?1519137646\" alt=\"-\" width=\"8\" height=\"11\" \/>\u00a0 L\u2019EPSP ZOUBIRIA de M\u00e9d\u00e9a.<br class=\"autobr\" \/>Cette d\u00e9marche se fera au niveau tant, de la formation op\u00e9rationnelle des futurs professionnels infirmiers sur le terrain (ing\u00e9nierie des stages de formation) que de la professionnalisation de l\u2019encadrement param\u00e9dical.<\/p>\n","protected":false},"excerpt":{"rendered":"<p>L\u2019institut national p\u00e9dagogique de la formation param\u00e9dicale a organis\u00e9 un s\u00e9minaire d\u2019information au profit des Directeurs des \u00e9tudes et des stages des \u00e9tablissements de formation.<\/p>\n","protected":false},"author":3,"featured_media":0,"comment_status":"open","ping_status":"open","sticky":false,"template":"","format":"standard","meta":[],"categories":[7],"tags":[],"_links":{"self":[{"href":"https:\/\/www.inpfp.dz\/revue\/wp-json\/wp\/v2\/posts\/84"}],"collection":[{"href":"https:\/\/www.inpfp.dz\/revue\/wp-json\/wp\/v2\/posts"}],"about":[{"href":"https:\/\/www.inpfp.dz\/revue\/wp-json\/wp\/v2\/types\/post"}],"author":[{"embeddable":true,"href":"https:\/\/www.inpfp.dz\/revue\/wp-json\/wp\/v2\/users\/3"}],"replies":[{"embeddable":true,"href":"https:\/\/www.inpfp.dz\/revue\/wp-json\/wp\/v2\/comments?post=84"}],"version-history":[{"count":3,"href":"https:\/\/www.inpfp.dz\/revue\/wp-json\/wp\/v2\/posts\/84\/revisions"}],"predecessor-version":[{"id":720,"href":"https:\/\/www.inpfp.dz\/revue\/wp-json\/wp\/v2\/posts\/84\/revisions\/720"}],"wp:attachment":[{"href":"https:\/\/www.inpfp.dz\/revue\/wp-json\/wp\/v2\/media?parent=84"}],"wp:term":[{"taxonomy":"category","embeddable":true,"href":"https:\/\/www.inpfp.dz\/revue\/wp-json\/wp\/v2\/categories?post=84"},{"taxonomy":"post_tag","embeddable":true,"href":"https:\/\/www.inpfp.dz\/revue\/wp-json\/wp\/v2\/tags?post=84"}],"curies":[{"name":"wp","href":"https:\/\/api.w.org\/{rel}","templated":true}]}}