{"id":344,"date":"2019-10-14T12:26:46","date_gmt":"2019-10-14T11:26:46","guid":{"rendered":"http:\/\/www.inpfp.dz\/revue\/?p=344"},"modified":"2021-05-03T21:19:09","modified_gmt":"2021-05-03T20:19:09","slug":"editorial","status":"publish","type":"post","link":"https:\/\/www.inpfp.dz\/revue\/2019\/10\/14\/editorial\/","title":{"rendered":"\u00c9ditorial"},"content":{"rendered":"<figure id=\"attachment_192\" aria-describedby=\"caption-attachment-192\" style=\"width: 84px\" class=\"wp-caption alignright\"><img decoding=\"async\" loading=\"lazy\" class=\"wp-image-192 size-full\" src=\"https:\/\/www.inpfp.dz\/revue\/wp-content\/uploads\/2018\/10\/66666.jpg\" alt=\"ELBIR BOUSAAD PEPM\" width=\"84\" height=\"112\" \/><figcaption id=\"caption-attachment-192\" class=\"wp-caption-text\">ELBIR BOUSAAD PEPM<\/figcaption><\/figure>\n<p>La qualit\u00e9 est la capacit\u00e9 de garantir \u00e0 chaque patient l\u2019assortiment d\u2019actes th\u00e9rapeutique, diagnostique qui lui assurent le meilleur cout pour le m\u00eame r\u00e9sultat, au moindre risque iatrog\u00e8ne et pour sa plus grande satisfaction en termes de proc\u00e9dure de r\u00e9sultat et de contacts\u00a0 humains \u00e0 l\u2019int\u00e9rieur du syst\u00e8me de soins.<\/p>\n<p><!--more--><\/p>\n<p>La qualit\u00e9 est\u00a0 d\u00e9finie par l\u2019Organisation Mondiale de la Sant\u00e9 (OMS) comme \u00e9tant\u00a0:\u00a0\u00ab\u00a0 une proc\u00e9dure scientifique et syst\u00e9matique visant \u00e0 d\u00e9terminer dans quelle mesure une action ou un ensemble d\u2019actions atteignent avec succ\u00e8s un ou des objectifs pr\u00e9alablement fixes.\u00bb<\/p>\n<p>L\u2019\u00e9valuation de la qualit\u00e9 de soin, conduit \u00e0 \u00e9valuer \u00a0le syst\u00e8me dont elle est issue, l\u2019\u00e9valuation qui \u00e9tait exclusivement centr\u00e9e sur les r\u00e9sultats, s\u2019\u00e9tend \u00e0 un ensemble d\u2019activit\u00e9s : ressources, processus, r\u00e9sultat \u2026\u2026.<\/p>\n<p>Depuis l\u2019universitarisation de la formation param\u00e9dicale, qui d\u00e9note d\u2019une volont\u00e9 sans retenue de la part de l\u2019administration centrale d\u2019am\u00e9liorer la qualit\u00e9 des soins prodigu\u00e9s dans les \u00e9tablissements de sant\u00e9. Sachant que cette qualit\u00e9 \u00a0constitue un gage de satisfaction \u00a0pour les usagers du syst\u00e8me de sant\u00e9\u00a0; celle-ci \u00a0passe imp\u00e9rativement par la qualit\u00e9 de la formation qui elle-m\u00eame est tributaire, de la qualit\u00e9 des formateurs dont deux promotions sont en cours de formation sur trois sites.<\/p>\n<p>Cette formation est dispens\u00e9e avec un nouveau programme et des m\u00e9thodes p\u00e9dagogiques novatrices.<\/p>\n","protected":false},"excerpt":{"rendered":"<p>La qualit\u00e9 est la capacit\u00e9 de garantir \u00e0 chaque patient l\u2019assortiment d\u2019actes th\u00e9rapeutique, diagnostique qui lui assurent le meilleur cout pour le m\u00eame r\u00e9sultat, au moindre risque iatrog\u00e8ne et pour sa plus grande satisfaction en termes de proc\u00e9dure de r\u00e9sultat et de contacts\u00a0 humains \u00e0 l\u2019int\u00e9rieur du syst\u00e8me de soins.<\/p>\n","protected":false},"author":3,"featured_media":0,"comment_status":"open","ping_status":"open","sticky":false,"template":"","format":"standard","meta":[],"categories":[7],"tags":[],"_links":{"self":[{"href":"https:\/\/www.inpfp.dz\/revue\/wp-json\/wp\/v2\/posts\/344"}],"collection":[{"href":"https:\/\/www.inpfp.dz\/revue\/wp-json\/wp\/v2\/posts"}],"about":[{"href":"https:\/\/www.inpfp.dz\/revue\/wp-json\/wp\/v2\/types\/post"}],"author":[{"embeddable":true,"href":"https:\/\/www.inpfp.dz\/revue\/wp-json\/wp\/v2\/users\/3"}],"replies":[{"embeddable":true,"href":"https:\/\/www.inpfp.dz\/revue\/wp-json\/wp\/v2\/comments?post=344"}],"version-history":[{"count":6,"href":"https:\/\/www.inpfp.dz\/revue\/wp-json\/wp\/v2\/posts\/344\/revisions"}],"predecessor-version":[{"id":693,"href":"https:\/\/www.inpfp.dz\/revue\/wp-json\/wp\/v2\/posts\/344\/revisions\/693"}],"wp:attachment":[{"href":"https:\/\/www.inpfp.dz\/revue\/wp-json\/wp\/v2\/media?parent=344"}],"wp:term":[{"taxonomy":"category","embeddable":true,"href":"https:\/\/www.inpfp.dz\/revue\/wp-json\/wp\/v2\/categories?post=344"},{"taxonomy":"post_tag","embeddable":true,"href":"https:\/\/www.inpfp.dz\/revue\/wp-json\/wp\/v2\/tags?post=344"}],"curies":[{"name":"wp","href":"https:\/\/api.w.org\/{rel}","templated":true}]}}