{"id":246,"date":"2019-04-16T09:50:44","date_gmt":"2019-04-16T08:50:44","guid":{"rendered":"http:\/\/www.inpfp.dz\/revue\/?p=246"},"modified":"2021-05-03T21:31:10","modified_gmt":"2021-05-03T20:31:10","slug":"lidentite-professionnelle","status":"publish","type":"post","link":"https:\/\/www.inpfp.dz\/revue\/2019\/04\/16\/lidentite-professionnelle\/","title":{"rendered":"L\u2019identit\u00e9 professionnelle"},"content":{"rendered":"<figure id=\"attachment_14\" aria-describedby=\"caption-attachment-14\" style=\"width: 200px\" class=\"wp-caption alignright\"><img decoding=\"async\" loading=\"lazy\" class=\"wp-image-14 size-full\" src=\"https:\/\/www.inpfp.dz\/revue\/wp-content\/uploads\/2018\/10\/arton1229-383c5.jpg\" alt=\"PEPM\/ INFSPM\/ Mostaganem\/Alg\u00e9rie\" width=\"200\" height=\"133\" \/><figcaption id=\"caption-attachment-14\" class=\"wp-caption-text\">M. Abdelkader BOUSBAA. PEPM<\/figcaption><\/figure>\n<p>La construction de l\u2019identit\u00e9 professionnelle est le sentiment d\u2019appartenir \u00e0 un groupe de \u00a0\u00a0professionnels, de concevoir sa vie future comme ancr\u00e9e dans un contexte de travail, devenir un acteur social productif. Ces changements entra\u00eenent des transformations identitaires profondes et une r\u00e9organisation de la hi\u00e9rarchie des activit\u00e9s et priorit\u00e9s.<\/p>\n<p>La construction identitaire se fait autour de deux processus identitaires complexes, h\u00e9t\u00e9rog\u00e8nes mais autonomes, dont le premier est l\u2019identit\u00e9 pour soi, qui fait appel au processus biographique (sentiment d\u2019appartenance), ici l\u2019identit\u00e9 professionnelle de base constitue non seulement une identit\u00e9 au travail mais aussi et surtout une projection de soi dans l\u2019avenir avec l\u2019anticipation d\u2019une trajectoire d\u2019emploi et la mise en \u0153uvre d\u2019une logique d\u2019apprentissage ou de formation.\u00a0<!--more--><\/p>\n<p>Le second processus est celui de l\u2019identit\u00e9 pour autrui qui fait appel au processus relationnel (identit\u00e9 au travers de la relation avec les autres).<\/p>\n<p>C\u2019est en entrant dans des relations de travail, en participant \u00e0 des activit\u00e9s collectives dans des organisations et en intervenant dans des jeux d\u2019acteurs que les individus parviennent \u00e0 construire une identit\u00e9 professionnelle sp\u00e9cifique.<\/p>\n<p>Le processus de la construction identitaire professionnelle est un chemin long et difficile \u00e0 parcourir notamment lorsqu\u2019il\u00a0 int\u00e8gre un milieu professionnel sp\u00e9cifique qui favorise l\u2019\u00e9mergence de nouvelles comp\u00e9tences, notamment gr\u00e2ce \u00e0 la transmission des savoirs par des pairs exp\u00e9riment\u00e9s.<\/p>\n","protected":false},"excerpt":{"rendered":"<p>La construction de l\u2019identit\u00e9 professionnelle est le sentiment d\u2019appartenir \u00e0 un groupe de \u00a0\u00a0professionnels, de concevoir sa vie future comme ancr\u00e9e dans un contexte de travail, devenir un acteur social productif. Ces changements entra\u00eenent des transformations identitaires profondes et une r\u00e9organisation de la hi\u00e9rarchie des activit\u00e9s et priorit\u00e9s. La construction identitaire se fait autour de &hellip; <\/p>\n<p class=\"link-more\"><a href=\"https:\/\/www.inpfp.dz\/revue\/2019\/04\/16\/lidentite-professionnelle\/\" class=\"more-link\">Continuer la lecture<span class=\"screen-reader-text\"> de &laquo;&nbsp;L\u2019identit\u00e9 professionnelle&nbsp;&raquo;<\/span><\/a><\/p>\n","protected":false},"author":1,"featured_media":0,"comment_status":"open","ping_status":"open","sticky":false,"template":"","format":"standard","meta":[],"categories":[7],"tags":[],"_links":{"self":[{"href":"https:\/\/www.inpfp.dz\/revue\/wp-json\/wp\/v2\/posts\/246"}],"collection":[{"href":"https:\/\/www.inpfp.dz\/revue\/wp-json\/wp\/v2\/posts"}],"about":[{"href":"https:\/\/www.inpfp.dz\/revue\/wp-json\/wp\/v2\/types\/post"}],"author":[{"embeddable":true,"href":"https:\/\/www.inpfp.dz\/revue\/wp-json\/wp\/v2\/users\/1"}],"replies":[{"embeddable":true,"href":"https:\/\/www.inpfp.dz\/revue\/wp-json\/wp\/v2\/comments?post=246"}],"version-history":[{"count":2,"href":"https:\/\/www.inpfp.dz\/revue\/wp-json\/wp\/v2\/posts\/246\/revisions"}],"predecessor-version":[{"id":724,"href":"https:\/\/www.inpfp.dz\/revue\/wp-json\/wp\/v2\/posts\/246\/revisions\/724"}],"wp:attachment":[{"href":"https:\/\/www.inpfp.dz\/revue\/wp-json\/wp\/v2\/media?parent=246"}],"wp:term":[{"taxonomy":"category","embeddable":true,"href":"https:\/\/www.inpfp.dz\/revue\/wp-json\/wp\/v2\/categories?post=246"},{"taxonomy":"post_tag","embeddable":true,"href":"https:\/\/www.inpfp.dz\/revue\/wp-json\/wp\/v2\/tags?post=246"}],"curies":[{"name":"wp","href":"https:\/\/api.w.org\/{rel}","templated":true}]}}